{"id":3492,"date":"2019-02-20T11:29:57","date_gmt":"2019-02-20T11:29:57","guid":{"rendered":"https:\/\/adam.ee\/?p=3492"},"modified":"2019-02-20T12:14:29","modified_gmt":"2019-02-20T12:14:29","slug":"__trashed","status":"publish","type":"post","link":"https:\/\/adam.ee\/lv\/news\/__trashed\/","title":{"rendered":"Adam Decolight dal\u012bba izst\u0101d\u0113 Christmasworld 2019"},"content":{"rendered":"<p>Izst\u0101des Christmasworld 2019, Frankfurt\u0113 norises laiks 25.-29.01.2019.<\/p>\n<p>Izst\u0101d\u0113 piedal\u012bj\u0101s 1089 dal\u012bbnieki no 45 valst\u012bm, sasniedzot 45\u00a0304 apmekl\u0113t\u0101ju skaitu.<\/p>\n<p>M\u016bsu vair\u0101k nek\u0101 200 kvadr\u0101tmetru liel\u0101 stenda plat\u012bba deva mums iesp\u0113ju prezent\u0113t da\u017e\u0101dus konceptu rot\u0101jumus. Apmekl\u0113t\u0101jiem visvair\u0101k patika m\u016bsu rot\u0101jumi koka form\u0101, kas bija izgaismoti ar RGB un RGB Smartled dio\u017eu virten\u0113m. K\u0101 jaunumu prezent\u0113j\u0101m 3D dekoru Alnis un dekorat\u012bvo koku Milena.<\/p>\n<p>Pateicoties liela m\u0113roga projektiem Lielbrit\u0101nij\u0101 un \u0136\u012bn\u0101, m\u0113s esam sa\u0146\u0113mu\u0161i atsauc\u012bbu no klientiem, kuri v\u0113las ar mums sadarboties. M\u016bsu klienti nov\u0113rt\u0113 m\u016bsu produktu kvalit\u0101ti. Izst\u0101des laik\u0101 tika veikti pirmie pas\u016bt\u012bjumi, k\u0101 ar\u012b tika p\u0101rdoti izst\u0101d\u0113 izvietotie demo produkti.<\/p>\n<p>Mums ir svar\u012bgi nodro\u0161in\u0101t klientam lab\u0101ko risin\u0101jumu, neatkar\u012bgi no t\u0101 atra\u0161an\u0101s vietas un darba apjoma.<\/p>\n<p>Paldies visiem, kas m\u016bs apmekl\u0113ja!<\/p>\n<p>Gaid\u012bsim j\u016bs visus Christmasworld 2020, Frankfurt\u0113, n\u0101kamaj\u0101 gad\u0101!<\/p>\n","protected":false},"excerpt":{"rendered":"<p>Izst\u0101des Christmasworld 2019, Frankfurt\u0113 norises laiks 25.-29.01.2019. Izst\u0101d\u0113 piedal\u012bj\u0101s 1089 dal\u012bbnieki no 45 valst\u012bm, sasniedzot 45\u00a0304 apmekl\u0113t\u0101ju skaitu. M\u016bsu vair\u0101k nek\u0101 200 kvadr\u0101tmetru liel\u0101 stenda plat\u012bba deva mums iesp\u0113ju prezent\u0113t da\u017e\u0101dus konceptu rot\u0101jumus. Apmekl\u0113t\u0101jiem visvair\u0101k patika m\u016bsu rot\u0101jumi koka form\u0101, kas bija izgaismoti ar RGB un RGB Smartled dio\u017eu virten\u0113m. K\u0101 jaunumu prezent\u0113j\u0101m 3D dekoru [&hellip;]<\/p>\n","protected":false},"author":5,"featured_media":0,"comment_status":"open","ping_status":"open","sticky":false,"template":"","format":"standard","meta":{"_acf_changed":false,"footnotes":""},"categories":[24],"tags":[],"class_list":["post-3492","post","type-post","status-publish","format-standard","hentry","category-uncategorized-lv"],"acf":[],"_links":{"self":[{"href":"https:\/\/adam.ee\/lv\/wp-json\/wp\/v2\/posts\/3492","targetHints":{"allow":["GET"]}}],"collection":[{"href":"https:\/\/adam.ee\/lv\/wp-json\/wp\/v2\/posts"}],"about":[{"href":"https:\/\/adam.ee\/lv\/wp-json\/wp\/v2\/types\/post"}],"author":[{"embeddable":true,"href":"https:\/\/adam.ee\/lv\/wp-json\/wp\/v2\/users\/5"}],"replies":[{"embeddable":true,"href":"https:\/\/adam.ee\/lv\/wp-json\/wp\/v2\/comments?post=3492"}],"version-history":[{"count":2,"href":"https:\/\/adam.ee\/lv\/wp-json\/wp\/v2\/posts\/3492\/revisions"}],"predecessor-version":[{"id":3506,"href":"https:\/\/adam.ee\/lv\/wp-json\/wp\/v2\/posts\/3492\/revisions\/3506"}],"wp:attachment":[{"href":"https:\/\/adam.ee\/lv\/wp-json\/wp\/v2\/media?parent=3492"}],"wp:term":[{"taxonomy":"category","embeddable":true,"href":"https:\/\/adam.ee\/lv\/wp-json\/wp\/v2\/categories?post=3492"},{"taxonomy":"post_tag","embeddable":true,"href":"https:\/\/adam.ee\/lv\/wp-json\/wp\/v2\/tags?post=3492"}],"curies":[{"name":"wp","href":"https:\/\/api.w.org\/{rel}","templated":true}]}}